{"id":931,"date":"2018-08-19T12:02:00","date_gmt":"2018-08-19T10:02:00","guid":{"rendered":"https:\/\/www.motelascot.fr\/?p=931"},"modified":"2018-08-20T23:52:43","modified_gmt":"2018-08-20T21:52:43","slug":"grande-premiere-version-trot-prix-motel-ascot","status":"publish","type":"post","link":"https:\/\/www.motelascot.fr\/es\/grande-premiere-version-trot-prix-motel-ascot\/","title":{"rendered":"Une Grande Premi\u00e8re avec la version \u00ab\u00a0trot\u00a0\u00bb du Prix Motel Ascot"},"content":{"rendered":"\u00bb width=\u00bb145&#8243; height=\u00bb204&#8243; \/>A l\u2019instar du meeting hivernal o\u00f9 le Motel s\u2019affichait sur le programme des courses, l\u2019Ascot est de retour sur celui des r\u00e9unions d\u2019\u00e9t\u00e9 avec une version et un format in\u00e9dits qui rappellent l\u2019attachement des touristes et turfistes pour cet h\u00f4tel embl\u00e9matique h\u00f4tel de Cagnes \u00e0 travers un slogan\u00a0\u00ab\u00a0chaque \u00e9t\u00e9, vacanciers et passionn\u00e9s des courses posent leurs valises au Motel Ascot. Et vous?\u00a0\u00bb<\/p>\n<p>Dans quelques semaines, le th\u00e9\u00e2tre hippique cagnois baissera le rideau le temps de quelques mois afin de se pr\u00e9parer au mieux pour les tournois hivernaux.<span class=\"Apple-converted-space\">\u00a0<\/span><\/p>\n<p>Comme un \u00e9ternel man\u00e8ge qui se perp\u00e9tue depuis des d\u00e9cennies, les vacanciers d\u2019\u00e9t\u00e9 et sp\u00e9cialistes du trot laisseront la place aux nombreux professionnels du galop et turfistes dans les tribunes de l\u2019hippodrome\u2026 comme au Motel Ascot.\u00bb width=\u00bb222&#8243; height=\u00bb313&#8243; \/>des courses, l\u2019Ascot est de retour sur celui des r\u00e9unions d\u2019\u00e9t\u00e9 avec une version et un format in\u00e9dits qui rappellent l\u2019attachement des touristes et turfistes pour cet h\u00f4tel embl\u00e9matique h\u00f4tel de Cagnes \u00e0 travers un slogan\u00a0\u00ab\u00a0chaque \u00e9t\u00e9, vacanciers et passionn\u00e9s des courses posent leurs valises au Motel Ascot. Et vous?\u00a0\u00bb<\/p>\n<p>Dans quelques semaines, le th\u00e9\u00e2tre hippique cagnois baissera le rideau le temps de quelques mois afin de se pr\u00e9parer au mieux pour les tournois hivernaux.<span class=\"Apple-converted-space\">\u00a0<\/span><\/p>\n<p>Comme un \u00e9ternel man\u00e8ge qui se perp\u00e9tue depuis des d\u00e9cennies, les vacanciers d\u2019\u00e9t\u00e9 et sp\u00e9cialistes du trot laisseront la place aux nombreux professionnels du galop et turfistes dans les tribunes de l\u2019hippodrome\u2026 comme au Motel Ascot.\u00bb width=\u00bb300&#8243; height=\u00bb225&#8243; \/>favori Costa d\u2019Occagnes qui se montra le plus fort sur 2700 m\u00e8tres autostart. Partie dans le dos des animateurs, la jument entra\u00een\u00e9e par Jean-Marie Roubaud et driv\u00e9e par un Steve Stefano confiant se d\u00e9cala au d\u00e9but de la ligne droite pour s\u2019imposer s\u00fbrement au passage du poteau. Des laur\u00e9ats qui se sont vus r\u00e9compens\u00e9s par l\u2019\u00e9quipe du Motel Ascot apr\u00e8s la course avec un troph\u00e9e souvenir. Une performance et une remise des prix qui furent relay\u00e9es par Nice-matin d\u00e8s le lendemain!!!<\/p>\n<h2>Une semaine \u00e0 gagner au Motel Ascot\u2026 m\u00eame en \u00e9t\u00e9<\/h2>\n<p>C\u00f4t\u00e9 piste, le Motel Ascot joue donc sur les deux disciplines. C\u00f4t\u00e9 tribune, l\u2019\u00e9tablissement h\u00f4telier cagnois est \u00e9galement pr\u00e9sent aupr\u00e8s des nombreux visiteurs. Vacanciers et passionn\u00e9s des courses, simples visiteurs ou habitu\u00e9s des lieux ont le plaisir de participer au jeu concours \u00ab\u00a0Une semaine \u00e0 gagner au Motel Ascot\u00a0\u00bb organis\u00e9 sur toutes les r\u00e9unions du meeting d\u2019\u00e9t\u00e9. Une op\u00e9ration d\u00e9j\u00e0 organis\u00e9e cet hiver et qui avait fait le bonheur d\u2019une gagnante Mme Clemenceau.<\/p>\n<p><a href=\"https:\/\/www.motelascot.fr\/wp-content\/uploads\/PROG_HIPPO-NOUVELLE-VERSION-2.pdf\" class=\"broken_link\">PR<\/a>A l\u2019instar du meeting hivernal o\u00f9 le Motel s\u2019affichait sur le programme des courses, l\u2019Ascot est de retour sur celui des r\u00e9unions d\u2019\u00e9t\u00e9 avec une version et un format in\u00e9dits qui rappellent l\u2019attachement des touristes et turfistes pour cet h\u00f4tel embl\u00e9matique h\u00f4tel de Cagnes \u00e0 travers un slogan\u00a0\u00ab\u00a0chaque \u00e9t\u00e9, vacanciers et passionn\u00e9s des courses posent leurs valises au Motel Ascot. Et vous?\u00a0\u00bb<\/p>\n<p>Dans quelques semaines, le th\u00e9\u00e2tre hippique cagnois baissera le rideau le temps de quelques mois afin de se pr\u00e9parer au mieux pour les tournois hivernaux.<span class=\"Apple-converted-space\">\u00a0<\/span><\/p>\n<p>Comme un \u00e9ternel man\u00e8ge qui se perp\u00e9tue depuis des d\u00e9cennies, les vacanciers d\u2019\u00e9t\u00e9 et sp\u00e9cialistes du trot laisseront la place aux nombreux professionnels du galop et turfistes dans les tribunes de l\u2019hippodrome\u2026 comme au Motel Ascot.\u00bb width=\u00bb233&#8243; height=\u00bb300&#8243; \/>Riviera. Une fois de plus, le c\u00e9l\u00e8bre hippodrome fran\u00e7ais a concoct\u00e9 une recette efficace et appr\u00e9ci\u00e9e tout au long du mois de juillet 2018. Chevaux de qualit\u00e9, animations gratuites pour les enfants, jeu concours, feux d\u2019artifices\u2026 et spectacles d\u2019exception. La soir\u00e9e du 25 juillet \u00ab\u00a0Hippodrome en f\u00eate de la ville de Cagnes sur mer\u00a0\u00bb restera \u00e0 n\u2019en pas douter dans les annales avec un show exceptionnel \u00ab\u00a0Fier \u00e0 cheval\u00bb et \u2026 un record d\u2019affluence battu avec plus de 8 500 personnes.\u00a0C\u00f4t\u00e9 piste, les performances de choix se succ\u00e8dent comme en t\u00e9moigne le record de la piste battu sur 2925 m\u00e8tres par Cavalleria et Nicolas Ensh ( avec une r\u00e9duction kilom\u00e8trique de 1\u201912\u20193)<\/p>\n<p>Un meeting d\u2019\u00e9t\u00e9 2018 qui se cl\u00f4turera le 25 ao\u00fbt par une derni\u00e8re soir\u00e9e prometteuse o\u00f9 tous les ingr\u00e9dients seront de nouveau associ\u00e9s pour terminer en beaut\u00e9 cette saison estivale. En effet, le sport sera au rendez-vous avec la finale du Challenge du Trot \u00e0 Grande Vitesse &#8211; 6 \u00e8me palio de l\u2019Amiti\u00e9 Nice-Matin, le World Summer Cup Junior et cerise sur le g\u00e2teau la venue de la star des pistes cagnoises Timoko!!! Des animations pour les enfants et un feu d\u2019artifice en guise de bouquet final feront le show c\u00f4t\u00e9 tribune.<\/p>\n<h2>Le Prix du Motel Ascot version \u00ab\u00a0trot\u00a0\u00bb<\/h2>\n<p>La victoire en plat de Disco Flash et d\u2019Eddy Hardouin dans le Prix MOTEL ASCOT du 21 f\u00e9vrier 2018 est d\u00e9j\u00e0 loin. La fra\u00eecheur du meeting hivernal a laiss\u00e9 place \u00e0 une chaleur caniculaire sur les pistes de trot cagnoise en ce mois d\u2019ao\u00fbt 2018. Des conditions climatiques exceptionnelles qui n\u2019ont pas nui aux performances hippiques des courageux chevaux comme en t\u00e9moigne le record de la piste battu par \u00a0en ce 3 ao\u00fbt 2018.<\/p>\n<p>En ce qui concerne le Quart\u00e9 + R\u00e9gional Prix Motel Ascot, c\u2019est le favori Costa d\u2019Occagnes qui se montra le plus fort sur 2700 m\u00e8tres autostart. Partie dans le dos des animateurs, la jument entra\u00een\u00e9e par Jean-Marie Roubaud et driv\u00e9e par un Steve Stefano confiant se d\u00e9cala au d\u00e9but de la ligne droite pour s\u2019imposer s\u00fbrement au passage du poteau. Des laur\u00e9ats qui se sont vus r\u00e9compens\u00e9s par l\u2019\u00e9quipe du Motel Ascot apr\u00e8s la course avec un troph\u00e9e souvenir. Une performance et une remise des prix qui furent relay\u00e9es par Nice-matin d\u00e8s le lendemain!!!<\/p>\n<h2>Une semaine \u00e0 gagner au Motel Ascot\u2026 m\u00eame en \u00e9t\u00e9<\/h2>\n<p>C\u00f4t\u00e9 piste, le Motel Ascot joue donc sur les deux disciplines. C\u00f4t\u00e9 tribune, l\u2019\u00e9tablissement h\u00f4telier cagnois est \u00e9galement pr\u00e9sent aupr\u00e8s des nombreux visiteurs. Vacanciers et passionn\u00e9s des courses, simples visiteurs ou habitu\u00e9s des lieux ont le plaisir de participer au jeu concours \u00ab\u00a0Une semaine \u00e0 gagner au Motel Ascot\u00a0\u00bb organis\u00e9 sur toutes les r\u00e9unions du meeting d\u2019\u00e9t\u00e9. Une op\u00e9ration d\u00e9j\u00e0 organis\u00e9e cet hiver et qui avait fait le bonheur d\u2019une gagnante Mme Clemenceau.<\/p>\n<p><a href=\"https:\/\/www.motelascot.fr\/wp-content\/uploads\/PROG_HIPPO-NOUVELLE-VERSION-2.pdf\" class=\"broken_link\">PR<\/a>A l\u2019instar du meeting hivernal o\u00f9 le Motel s\u2019affichait sur le programme des courses, l\u2019Ascot est de retour sur celui des r\u00e9unions d\u2019\u00e9t\u00e9 avec une version et un format in\u00e9dits qui rappellent l\u2019attachement des touristes et turfistes pour cet h\u00f4tel embl\u00e9matique h\u00f4tel de Cagnes \u00e0 travers un slogan\u00a0\u00ab\u00a0chaque \u00e9t\u00e9, vacanciers et passionn\u00e9s des courses posent leurs valises au Motel Ascot. Et vous?\u00a0\u00bb<\/p>\n<p>Dans quelques semaines, le th\u00e9\u00e2tre hippique cagnois baissera le rideau le temps de quelques mois afin de se pr\u00e9parer au mieux pour les tournois hivernaux.<span class=\"Apple-converted-space\">\u00a0<\/span><\/p>\n<p>Comme un \u00e9ternel man\u00e8ge qui se perp\u00e9tue depuis des d\u00e9cennies, les vacanciers d\u2019\u00e9t\u00e9 et sp\u00e9cialistes du trot laisseront la place aux nombreux professionnels du galop et turfistes dans les tribunes de l\u2019hippodrome\u2026 comme au Motel Ascot.","protected":false},"excerpt":{"rendered":"<p>\u00bb width=\u00bb145&#8243; height=\u00bb204&#8243; \/>A l\u2019instar du meeting hivernal o\u00f9 le Motel s\u2019affichait sur le programme des courses, l\u2019Ascot est de retour sur celui des r\u00e9unions d\u2019\u00e9t\u00e9 avec une version et un format in\u00e9dits qui rappellent l\u2019attachement des touristes et turfistes&#8230;<\/p>\n","protected":false},"author":1,"featured_media":929,"comment_status":"open","ping_status":"open","sticky":false,"template":"","format":"standard","meta":{"footnotes":""},"categories":[6,1],"tags":[],"class_list":["post-931","post","type-post","status-publish","format-standard","has-post-thumbnail","hentry","category-news","category-non-classe"],"yoast_head":"<!-- This site is optimized with the Yoast SEO plugin v24.0 - https:\/\/yoast.com\/wordpress\/plugins\/seo\/ -->\n<title>Une Grande Premi\u00e8re avec la version \u00ab\u00a0trot\u00a0\u00bb du Prix Motel Ascot - Motel Ascot<\/title>\n<meta name=\"robots\" content=\"index, follow, max-snippet:-1, max-image-preview:large, max-video-preview:-1\" \/>\n<link rel=\"canonical\" href=\"https:\/\/www.motelascot.fr\/grande-premiere-version-trot-prix-motel-ascot\/\" \/>\n<meta property=\"og:locale\" content=\"es_ES\" \/>\n<meta property=\"og:type\" content=\"article\" \/>\n<meta property=\"og:title\" content=\"Une Grande Premi\u00e8re avec la version \u00ab\u00a0trot\u00a0\u00bb du Prix Motel Ascot - Motel Ascot\" \/>\n<meta property=\"og:description\" content=\"\u00bb width=\u00bb145&#8243; height=\u00bb204&#8243; \/&gt;A l\u2019instar du meeting hivernal o\u00f9 le Motel s\u2019affichait sur le programme des courses, l\u2019Ascot est de retour sur celui des r\u00e9unions d\u2019\u00e9t\u00e9 avec une version et un format in\u00e9dits qui rappellent l\u2019attachement des touristes et turfistes...\" \/>\n<meta property=\"og:url\" content=\"https:\/\/www.motelascot.fr\/grande-premiere-version-trot-prix-motel-ascot\/\" \/>\n<meta property=\"og:site_name\" content=\"Motel Ascot\" \/>\n<meta property=\"article:publisher\" content=\"https:\/\/www.facebook.com\/pages\/Motel-Ascot-Cagnes-Sur-Mer\/142181375864060\" \/>\n<meta property=\"article:published_time\" content=\"2018-08-19T10:02:00+00:00\" \/>\n<meta property=\"article:modified_time\" content=\"2018-08-20T21:52:43+00:00\" \/>\n<meta property=\"og:image\" content=\"https:\/\/www.motelascot.fr\/wp-content\/uploads\/@9R1C030818-029.jpg\" \/>\n\t<meta property=\"og:image:width\" content=\"2835\" \/>\n\t<meta property=\"og:image:height\" content=\"1890\" \/>\n\t<meta property=\"og:image:type\" content=\"image\/jpeg\" \/>\n<meta name=\"author\" content=\"CD\" \/>\n<meta name=\"twitter:card\" content=\"summary_large_image\" \/>\n<meta name=\"twitter:label1\" content=\"Escrito por\" \/>\n\t<meta name=\"twitter:data1\" content=\"CD\" \/>\n\t<meta name=\"twitter:label2\" content=\"Tiempo de lectura\" \/>\n\t<meta name=\"twitter:data2\" content=\"29 minutos\" \/>\n<script type=\"application\/ld+json\" class=\"yoast-schema-graph\">{\"@context\":\"https:\/\/schema.org\",\"@graph\":[{\"@type\":\"Article\",\"@id\":\"https:\/\/www.motelascot.fr\/grande-premiere-version-trot-prix-motel-ascot\/#article\",\"isPartOf\":{\"@id\":\"https:\/\/www.motelascot.fr\/grande-premiere-version-trot-prix-motel-ascot\/\"},\"author\":{\"name\":\"CD\",\"@id\":\"https:\/\/www.motelascot.fr\/#\/schema\/person\/34621201271ff70323516ed880cf73d1\"},\"headline\":\"Une Grande Premi\u00e8re avec la version \u00ab\u00a0trot\u00a0\u00bb du Prix Motel Ascot\",\"datePublished\":\"2018-08-19T10:02:00+00:00\",\"dateModified\":\"2018-08-20T21:52:43+00:00\",\"mainEntityOfPage\":{\"@id\":\"https:\/\/www.motelascot.fr\/grande-premiere-version-trot-prix-motel-ascot\/\"},\"wordCount\":5858,\"commentCount\":0,\"publisher\":{\"@id\":\"https:\/\/www.motelascot.fr\/#organization\"},\"image\":{\"@id\":\"https:\/\/www.motelascot.fr\/grande-premiere-version-trot-prix-motel-ascot\/#primaryimage\"},\"thumbnailUrl\":\"https:\/\/www.motelascot.fr\/wp-content\/uploads\/@9R1C030818-029.jpg\",\"articleSection\":[\"News\",\"Non class\u00e9\"],\"inLanguage\":\"es\",\"potentialAction\":[{\"@type\":\"CommentAction\",\"name\":\"Comment\",\"target\":[\"https:\/\/www.motelascot.fr\/grande-premiere-version-trot-prix-motel-ascot\/#respond\"]}]},{\"@type\":\"WebPage\",\"@id\":\"https:\/\/www.motelascot.fr\/grande-premiere-version-trot-prix-motel-ascot\/\",\"url\":\"https:\/\/www.motelascot.fr\/grande-premiere-version-trot-prix-motel-ascot\/\",\"name\":\"Une Grande Premi\u00e8re avec la version \u00ab\u00a0trot\u00a0\u00bb du Prix Motel Ascot - Motel Ascot\",\"isPartOf\":{\"@id\":\"https:\/\/www.motelascot.fr\/#website\"},\"primaryImageOfPage\":{\"@id\":\"https:\/\/www.motelascot.fr\/grande-premiere-version-trot-prix-motel-ascot\/#primaryimage\"},\"image\":{\"@id\":\"https:\/\/www.motelascot.fr\/grande-premiere-version-trot-prix-motel-ascot\/#primaryimage\"},\"thumbnailUrl\":\"https:\/\/www.motelascot.fr\/wp-content\/uploads\/@9R1C030818-029.jpg\",\"datePublished\":\"2018-08-19T10:02:00+00:00\",\"dateModified\":\"2018-08-20T21:52:43+00:00\",\"breadcrumb\":{\"@id\":\"https:\/\/www.motelascot.fr\/grande-premiere-version-trot-prix-motel-ascot\/#breadcrumb\"},\"inLanguage\":\"es\",\"potentialAction\":[{\"@type\":\"ReadAction\",\"target\":[\"https:\/\/www.motelascot.fr\/grande-premiere-version-trot-prix-motel-ascot\/\"]}]},{\"@type\":\"ImageObject\",\"inLanguage\":\"es\",\"@id\":\"https:\/\/www.motelascot.fr\/grande-premiere-version-trot-prix-motel-ascot\/#primaryimage\",\"url\":\"https:\/\/www.motelascot.fr\/wp-content\/uploads\/@9R1C030818-029.jpg\",\"contentUrl\":\"https:\/\/www.motelascot.fr\/wp-content\/uploads\/@9R1C030818-029.jpg\",\"width\":2835,\"height\":1890,\"caption\":\"[:fr]\u00a9 Andr\u00e9 Viguier[:en]Cagnes le 3 Ao\u00fbt 2018- QUARTE REGIONAL. PX DU MOTEL ASCOT- COSTA D'OCCAGNES- St\u00e8ve STEFANO- \u00a9 Andr\u00e9 Viguier[:de]Cagnes le 3 Ao\u00fbt 2018- QUARTE REGIONAL. PX DU MOTEL ASCOT- COSTA D'OCCAGNES- St\u00e8ve STEFANO- \u00a9 Andr\u00e9 Viguier[:it]Cagnes le 3 Ao\u00fbt 2018- QUARTE REGIONAL. PX DU MOTEL ASCOT- COSTA D'OCCAGNES- St\u00e8ve STEFANO- \u00a9 Andr\u00e9 Viguier[:es]Cagnes le 3 Ao\u00fbt 2018- QUARTE REGIONAL. PX DU MOTEL ASCOT- COSTA D'OCCAGNES- St\u00e8ve STEFANO- \u00a9 Andr\u00e9 Viguier[:]\"},{\"@type\":\"BreadcrumbList\",\"@id\":\"https:\/\/www.motelascot.fr\/grande-premiere-version-trot-prix-motel-ascot\/#breadcrumb\",\"itemListElement\":[{\"@type\":\"ListItem\",\"position\":1,\"name\":\"Accueil\",\"item\":\"https:\/\/www.motelascot.fr\/\"},{\"@type\":\"ListItem\",\"position\":2,\"name\":\"Une Grande Premi\u00e8re avec la version \u00ab\u00a0trot\u00a0\u00bb du Prix Motel Ascot\"}]},{\"@type\":\"WebSite\",\"@id\":\"https:\/\/www.motelascot.fr\/#website\",\"url\":\"https:\/\/www.motelascot.fr\/\",\"name\":\"Motel Ascot\",\"description\":\"H\u00f4tel et Appartements\",\"publisher\":{\"@id\":\"https:\/\/www.motelascot.fr\/#organization\"},\"potentialAction\":[{\"@type\":\"SearchAction\",\"target\":{\"@type\":\"EntryPoint\",\"urlTemplate\":\"https:\/\/www.motelascot.fr\/?s={search_term_string}\"},\"query-input\":{\"@type\":\"PropertyValueSpecification\",\"valueRequired\":true,\"valueName\":\"search_term_string\"}}],\"inLanguage\":\"es\"},{\"@type\":\"Organization\",\"@id\":\"https:\/\/www.motelascot.fr\/#organization\",\"name\":\"Motel Ascot\",\"url\":\"https:\/\/www.motelascot.fr\/\",\"logo\":{\"@type\":\"ImageObject\",\"inLanguage\":\"es\",\"@id\":\"https:\/\/www.motelascot.fr\/#\/schema\/logo\/image\/\",\"url\":\"https:\/\/www.motelascot.fr\/wp-content\/uploads\/2017\/06\/logo.png\",\"contentUrl\":\"https:\/\/www.motelascot.fr\/wp-content\/uploads\/2017\/06\/logo.png\",\"width\":866,\"height\":264,\"caption\":\"Motel Ascot\"},\"image\":{\"@id\":\"https:\/\/www.motelascot.fr\/#\/schema\/logo\/image\/\"},\"sameAs\":[\"https:\/\/www.facebook.com\/pages\/Motel-Ascot-Cagnes-Sur-Mer\/142181375864060\"]},{\"@type\":\"Person\",\"@id\":\"https:\/\/www.motelascot.fr\/#\/schema\/person\/34621201271ff70323516ed880cf73d1\",\"name\":\"CD\",\"image\":{\"@type\":\"ImageObject\",\"inLanguage\":\"es\",\"@id\":\"https:\/\/www.motelascot.fr\/#\/schema\/person\/image\/\",\"url\":\"https:\/\/secure.gravatar.com\/avatar\/bb573832bc2a1bc4252c4c467e6e710c?s=96&d=mm&r=g\",\"contentUrl\":\"https:\/\/secure.gravatar.com\/avatar\/bb573832bc2a1bc4252c4c467e6e710c?s=96&d=mm&r=g\",\"caption\":\"CD\"}}]}<\/script>\n<!-- \/ Yoast SEO plugin. -->","yoast_head_json":{"title":"Une Grande Premi\u00e8re avec la version \u00ab\u00a0trot\u00a0\u00bb du Prix Motel Ascot - Motel Ascot","robots":{"index":"index","follow":"follow","max-snippet":"max-snippet:-1","max-image-preview":"max-image-preview:large","max-video-preview":"max-video-preview:-1"},"canonical":"https:\/\/www.motelascot.fr\/grande-premiere-version-trot-prix-motel-ascot\/","og_locale":"es_ES","og_type":"article","og_title":"Une Grande Premi\u00e8re avec la version \u00ab\u00a0trot\u00a0\u00bb du Prix Motel Ascot - Motel Ascot","og_description":"\u00bb width=\u00bb145&#8243; height=\u00bb204&#8243; \/>A l\u2019instar du meeting hivernal o\u00f9 le Motel s\u2019affichait sur le programme des courses, l\u2019Ascot est de retour sur celui des r\u00e9unions d\u2019\u00e9t\u00e9 avec une version et un format in\u00e9dits qui rappellent l\u2019attachement des touristes et turfistes...","og_url":"https:\/\/www.motelascot.fr\/grande-premiere-version-trot-prix-motel-ascot\/","og_site_name":"Motel Ascot","article_publisher":"https:\/\/www.facebook.com\/pages\/Motel-Ascot-Cagnes-Sur-Mer\/142181375864060","article_published_time":"2018-08-19T10:02:00+00:00","article_modified_time":"2018-08-20T21:52:43+00:00","og_image":[{"width":2835,"height":1890,"url":"https:\/\/www.motelascot.fr\/wp-content\/uploads\/@9R1C030818-029.jpg","type":"image\/jpeg"}],"author":"CD","twitter_card":"summary_large_image","twitter_misc":{"Escrito por":"CD","Tiempo de lectura":"29 minutos"},"schema":{"@context":"https:\/\/schema.org","@graph":[{"@type":"Article","@id":"https:\/\/www.motelascot.fr\/grande-premiere-version-trot-prix-motel-ascot\/#article","isPartOf":{"@id":"https:\/\/www.motelascot.fr\/grande-premiere-version-trot-prix-motel-ascot\/"},"author":{"name":"CD","@id":"https:\/\/www.motelascot.fr\/#\/schema\/person\/34621201271ff70323516ed880cf73d1"},"headline":"Une Grande Premi\u00e8re avec la version \u00ab\u00a0trot\u00a0\u00bb du Prix Motel Ascot","datePublished":"2018-08-19T10:02:00+00:00","dateModified":"2018-08-20T21:52:43+00:00","mainEntityOfPage":{"@id":"https:\/\/www.motelascot.fr\/grande-premiere-version-trot-prix-motel-ascot\/"},"wordCount":5858,"commentCount":0,"publisher":{"@id":"https:\/\/www.motelascot.fr\/#organization"},"image":{"@id":"https:\/\/www.motelascot.fr\/grande-premiere-version-trot-prix-motel-ascot\/#primaryimage"},"thumbnailUrl":"https:\/\/www.motelascot.fr\/wp-content\/uploads\/@9R1C030818-029.jpg","articleSection":["News","Non class\u00e9"],"inLanguage":"es","potentialAction":[{"@type":"CommentAction","name":"Comment","target":["https:\/\/www.motelascot.fr\/grande-premiere-version-trot-prix-motel-ascot\/#respond"]}]},{"@type":"WebPage","@id":"https:\/\/www.motelascot.fr\/grande-premiere-version-trot-prix-motel-ascot\/","url":"https:\/\/www.motelascot.fr\/grande-premiere-version-trot-prix-motel-ascot\/","name":"Une Grande Premi\u00e8re avec la version \u00ab\u00a0trot\u00a0\u00bb du Prix Motel Ascot - Motel Ascot","isPartOf":{"@id":"https:\/\/www.motelascot.fr\/#website"},"primaryImageOfPage":{"@id":"https:\/\/www.motelascot.fr\/grande-premiere-version-trot-prix-motel-ascot\/#primaryimage"},"image":{"@id":"https:\/\/www.motelascot.fr\/grande-premiere-version-trot-prix-motel-ascot\/#primaryimage"},"thumbnailUrl":"https:\/\/www.motelascot.fr\/wp-content\/uploads\/@9R1C030818-029.jpg","datePublished":"2018-08-19T10:02:00+00:00","dateModified":"2018-08-20T21:52:43+00:00","breadcrumb":{"@id":"https:\/\/www.motelascot.fr\/grande-premiere-version-trot-prix-motel-ascot\/#breadcrumb"},"inLanguage":"es","potentialAction":[{"@type":"ReadAction","target":["https:\/\/www.motelascot.fr\/grande-premiere-version-trot-prix-motel-ascot\/"]}]},{"@type":"ImageObject","inLanguage":"es","@id":"https:\/\/www.motelascot.fr\/grande-premiere-version-trot-prix-motel-ascot\/#primaryimage","url":"https:\/\/www.motelascot.fr\/wp-content\/uploads\/@9R1C030818-029.jpg","contentUrl":"https:\/\/www.motelascot.fr\/wp-content\/uploads\/@9R1C030818-029.jpg","width":2835,"height":1890,"caption":"[:fr]\u00a9 Andr\u00e9 Viguier[:en]Cagnes le 3 Ao\u00fbt 2018- QUARTE REGIONAL. PX DU MOTEL ASCOT- COSTA D'OCCAGNES- St\u00e8ve STEFANO- \u00a9 Andr\u00e9 Viguier[:de]Cagnes le 3 Ao\u00fbt 2018- QUARTE REGIONAL. PX DU MOTEL ASCOT- COSTA D'OCCAGNES- St\u00e8ve STEFANO- \u00a9 Andr\u00e9 Viguier[:it]Cagnes le 3 Ao\u00fbt 2018- QUARTE REGIONAL. PX DU MOTEL ASCOT- COSTA D'OCCAGNES- St\u00e8ve STEFANO- \u00a9 Andr\u00e9 Viguier[:es]Cagnes le 3 Ao\u00fbt 2018- QUARTE REGIONAL. PX DU MOTEL ASCOT- COSTA D'OCCAGNES- St\u00e8ve STEFANO- \u00a9 Andr\u00e9 Viguier[:]"},{"@type":"BreadcrumbList","@id":"https:\/\/www.motelascot.fr\/grande-premiere-version-trot-prix-motel-ascot\/#breadcrumb","itemListElement":[{"@type":"ListItem","position":1,"name":"Accueil","item":"https:\/\/www.motelascot.fr\/"},{"@type":"ListItem","position":2,"name":"Une Grande Premi\u00e8re avec la version \u00ab\u00a0trot\u00a0\u00bb du Prix Motel Ascot"}]},{"@type":"WebSite","@id":"https:\/\/www.motelascot.fr\/#website","url":"https:\/\/www.motelascot.fr\/","name":"Motel Ascot","description":"H\u00f4tel et Appartements","publisher":{"@id":"https:\/\/www.motelascot.fr\/#organization"},"potentialAction":[{"@type":"SearchAction","target":{"@type":"EntryPoint","urlTemplate":"https:\/\/www.motelascot.fr\/?s={search_term_string}"},"query-input":{"@type":"PropertyValueSpecification","valueRequired":true,"valueName":"search_term_string"}}],"inLanguage":"es"},{"@type":"Organization","@id":"https:\/\/www.motelascot.fr\/#organization","name":"Motel Ascot","url":"https:\/\/www.motelascot.fr\/","logo":{"@type":"ImageObject","inLanguage":"es","@id":"https:\/\/www.motelascot.fr\/#\/schema\/logo\/image\/","url":"https:\/\/www.motelascot.fr\/wp-content\/uploads\/2017\/06\/logo.png","contentUrl":"https:\/\/www.motelascot.fr\/wp-content\/uploads\/2017\/06\/logo.png","width":866,"height":264,"caption":"Motel Ascot"},"image":{"@id":"https:\/\/www.motelascot.fr\/#\/schema\/logo\/image\/"},"sameAs":["https:\/\/www.facebook.com\/pages\/Motel-Ascot-Cagnes-Sur-Mer\/142181375864060"]},{"@type":"Person","@id":"https:\/\/www.motelascot.fr\/#\/schema\/person\/34621201271ff70323516ed880cf73d1","name":"CD","image":{"@type":"ImageObject","inLanguage":"es","@id":"https:\/\/www.motelascot.fr\/#\/schema\/person\/image\/","url":"https:\/\/secure.gravatar.com\/avatar\/bb573832bc2a1bc4252c4c467e6e710c?s=96&d=mm&r=g","contentUrl":"https:\/\/secure.gravatar.com\/avatar\/bb573832bc2a1bc4252c4c467e6e710c?s=96&d=mm&r=g","caption":"CD"}}]}},"_links":{"self":[{"href":"https:\/\/www.motelascot.fr\/es\/wp-json\/wp\/v2\/posts\/931"}],"collection":[{"href":"https:\/\/www.motelascot.fr\/es\/wp-json\/wp\/v2\/posts"}],"about":[{"href":"https:\/\/www.motelascot.fr\/es\/wp-json\/wp\/v2\/types\/post"}],"author":[{"embeddable":true,"href":"https:\/\/www.motelascot.fr\/es\/wp-json\/wp\/v2\/users\/1"}],"replies":[{"embeddable":true,"href":"https:\/\/www.motelascot.fr\/es\/wp-json\/wp\/v2\/comments?post=931"}],"version-history":[{"count":15,"href":"https:\/\/www.motelascot.fr\/es\/wp-json\/wp\/v2\/posts\/931\/revisions"}],"predecessor-version":[{"id":950,"href":"https:\/\/www.motelascot.fr\/es\/wp-json\/wp\/v2\/posts\/931\/revisions\/950"}],"wp:featuredmedia":[{"embeddable":true,"href":"https:\/\/www.motelascot.fr\/es\/wp-json\/wp\/v2\/media\/929"}],"wp:attachment":[{"href":"https:\/\/www.motelascot.fr\/es\/wp-json\/wp\/v2\/media?parent=931"}],"wp:term":[{"taxonomy":"category","embeddable":true,"href":"https:\/\/www.motelascot.fr\/es\/wp-json\/wp\/v2\/categories?post=931"},{"taxonomy":"post_tag","embeddable":true,"href":"https:\/\/www.motelascot.fr\/es\/wp-json\/wp\/v2\/tags?post=931"}],"curies":[{"name":"wp","href":"https:\/\/api.w.org\/{rel}","templated":true}]}}